{"id":1418,"date":"2016-03-11T13:43:16","date_gmt":"2016-03-11T13:43:16","guid":{"rendered":"http:\/\/en-accord.fr\/?p=1418"},"modified":"2016-04-12T07:22:59","modified_gmt":"2016-04-12T07:22:59","slug":"mouvement-circuler-vibrer","status":"publish","type":"post","link":"https:\/\/en-accord.fr\/index.php\/2016\/03\/11\/mouvement-circuler-vibrer\/","title":{"rendered":"Tout est mouvement &#8211; faites tout circuler et vibrer"},"content":{"rendered":"<p><a href=\"http:\/\/en-accord.fr\/wp-content\/uploads\/2016\/01\/2mouettes.jpg\" rel=\"attachment wp-att-827\"><img loading=\"lazy\" decoding=\"async\" class=\"wp-image-827 size-medium alignleft\" title=\"Mouvement En Accord\" src=\"http:\/\/en-accord.fr\/wp-content\/uploads\/2016\/01\/2mouettes-300x201.jpg\" alt=\"Mouvement Vibration\" width=\"300\" height=\"201\" srcset=\"https:\/\/en-accord.fr\/wp-content\/uploads\/2016\/01\/2mouettes-300x201.jpg 300w, https:\/\/en-accord.fr\/wp-content\/uploads\/2016\/01\/2mouettes-768x514.jpg 768w, https:\/\/en-accord.fr\/wp-content\/uploads\/2016\/01\/2mouettes-640x428.jpg 640w, https:\/\/en-accord.fr\/wp-content\/uploads\/2016\/01\/2mouettes-460x308.jpg 460w, https:\/\/en-accord.fr\/wp-content\/uploads\/2016\/01\/2mouettes.jpg 968w\" sizes=\"auto, (max-width: 300px) 100vw, 300px\" \/><\/a><\/p>\n<p>Le mouvement c&rsquo;est la vie!<\/p>\n<p>Il est essentiel que tout bouge en nous, et notamment les choses les plus subtiles de notre \u00eatre: nos \u00e9nergies, notre fascia, le \u00ab\u00a0flux\u00a0\u00bb de nos m\u00e9ridiens, les vibrations de nos chakras. Mais aussi les choses les plus \u00ab\u00a0structurelles\u00a0\u00bb: la vie \u00e0 l&rsquo;int\u00e9rieur de notre squelette, de nos articulations, de nos muscles, de tous nos membres et nos organes. Il leur faut de la vie &#8211; et pour la vie, rien de tel que le mouvement, \u00e0 grande \u00e9chelle et \u00e0 toute petite \u00e9chelle, de l&rsquo;infini des postures de yoga et de bien-\u00eatre du corps, \u00e0 la micro-vibration cellulaire.<\/p>\n<p><span style=\"line-height: 1.5;\">Dans toutes mes activit\u00e9s professionnelles, j&rsquo;ai donc choisi de mettre en avant le mouvement et la circulation. A tous les niveaux.\u00a0<\/span><\/p>\n<ul>\n<li><span style=\"line-height: 1.5;\">Dans les soins que je donne, je cherche \u00e0 am\u00e9liorer le mouvement des fascias, des muscles, de la digestion, de l&rsquo;\u00e9nergie aussi, notamment le long des m\u00e9ridiens et jusqu&rsquo;a l&rsquo;int\u00e9rieur de vos cellules &#8211; encourageant une meilleure circulation des \u00e9nergies dans votre corps<\/span><\/li>\n<li>Dans mes cours, bas\u00e9s sur yoga et inspir\u00e9s par le qi gong, la priorit\u00e9 est donn\u00e9e aux mouvement du corps, en passant pas le mouvement et l'\u00a0\u00bbhuilage\u00a0\u00bb des articulations, des fascias, des organes, et jusqu&rsquo;aux vibrations des cellules, avec une action m\u00eame sur notre cerveau<\/li>\n<li>Avec une gamme de compl\u00e9ments alimentaires de qualit\u00e9, je vous propose de pr\u00e9server ou retrouver une bonne circulation sanguine, des art\u00e8res souples, un sang oxyg\u00e9n\u00e9, une jeunesse int\u00e9rieure qui se voit \u00e0 l&rsquo;ext\u00e9rieur<\/li>\n<\/ul>\n<p>Venez, bougez, mettez vous en mouvement! Faites vibrer votre corps pour plus d&rsquo;\u00e9nergie!<\/p>\n<p>Appelez-moi et parlons de comment mettre plus de mouvement dans votre vie : 0683700000.<\/p>\n<p>&nbsp;<\/p>\n","protected":false},"excerpt":{"rendered":"<p>Le mouvement c&rsquo;est la vie! Il est essentiel que tout bouge en nous, et notamment les choses les plus subtiles de notre \u00eatre: nos \u00e9nergies, notre fascia, le \u00ab\u00a0flux\u00a0\u00bb de nos m\u00e9ridiens, les vibrations de nos chakras. Mais aussi les choses les plus \u00ab\u00a0structurelles\u00a0\u00bb: la vie \u00e0 l&rsquo;int\u00e9rieur de notre squelette, de nos articulations, de [&hellip;]<\/p>\n","protected":false},"author":1,"featured_media":827,"comment_status":"open","ping_status":"open","sticky":false,"template":"","format":"standard","meta":{"footnotes":""},"categories":[25,26,21],"tags":[27,23,28],"class_list":["post-1418","post","type-post","status-publish","format-standard","has-post-thumbnail","hentry","category-complements-alimentaires","category-therapies-holistiques","category-yoga","tag-mouvement","tag-therapie-cranio-sacree","tag-yoga"],"_links":{"self":[{"href":"https:\/\/en-accord.fr\/index.php\/wp-json\/wp\/v2\/posts\/1418","targetHints":{"allow":["GET"]}}],"collection":[{"href":"https:\/\/en-accord.fr\/index.php\/wp-json\/wp\/v2\/posts"}],"about":[{"href":"https:\/\/en-accord.fr\/index.php\/wp-json\/wp\/v2\/types\/post"}],"author":[{"embeddable":true,"href":"https:\/\/en-accord.fr\/index.php\/wp-json\/wp\/v2\/users\/1"}],"replies":[{"embeddable":true,"href":"https:\/\/en-accord.fr\/index.php\/wp-json\/wp\/v2\/comments?post=1418"}],"version-history":[{"count":6,"href":"https:\/\/en-accord.fr\/index.php\/wp-json\/wp\/v2\/posts\/1418\/revisions"}],"predecessor-version":[{"id":1424,"href":"https:\/\/en-accord.fr\/index.php\/wp-json\/wp\/v2\/posts\/1418\/revisions\/1424"}],"wp:featuredmedia":[{"embeddable":true,"href":"https:\/\/en-accord.fr\/index.php\/wp-json\/wp\/v2\/media\/827"}],"wp:attachment":[{"href":"https:\/\/en-accord.fr\/index.php\/wp-json\/wp\/v2\/media?parent=1418"}],"wp:term":[{"taxonomy":"category","embeddable":true,"href":"https:\/\/en-accord.fr\/index.php\/wp-json\/wp\/v2\/categories?post=1418"},{"taxonomy":"post_tag","embeddable":true,"href":"https:\/\/en-accord.fr\/index.php\/wp-json\/wp\/v2\/tags?post=1418"}],"curies":[{"name":"wp","href":"https:\/\/api.w.org\/{rel}","templated":true}]}}